{"id":1923,"date":"2026-03-15T18:21:39","date_gmt":"2026-03-15T17:21:39","guid":{"rendered":"https:\/\/www.ssv-oftersheim.de\/?p=1923"},"modified":"2026-03-15T18:21:39","modified_gmt":"2026-03-15T17:21:39","slug":"jahreshauptversammlung-des-ssv-oftersheim-mit-neuwahlen","status":"publish","type":"post","link":"https:\/\/wp.ssv-oftersheim.de\/?p=1923","title":{"rendered":"Jahreshauptversammlung des SSV Oftersheim mit Neuwahlen"},"content":{"rendered":"<p><strong>Jahreshauptversammlung des SSV Oftersheim mit Neuwahlen<\/strong><\/p>\n<p>Ehrung erfolgreicher Sportler und verdienter Mitglieder<\/p>\n<p>&nbsp;<\/p>\n<p>Zu seiner Jahreshauptversammlung hatte der SSV Oftersheim am vergangenen Sonntag in die vereinseigene Luftdruckhalle eingeladen. 46 Mitglieder waren der Einladung gefolgt, die von OSM Volker Kai\u00dfling herzlich begr\u00fc\u00dft wurden. Sein besonderer Gru\u00df galt dem Kreissch\u00fctzenmeister Hans-Josef Lakatos mit Gattin, dem Ehrenkreissch\u00fctzenmeister Manfred \u00a0Nessel sowie den Ehrenmitgliedern Hans Altner, Wilfried K\u00f6nig und Werner Velhagen. Nach erfolgter Totenehrung durch SM Dagmar Schwinghammer, bei der man den im vergangenen Jahr verstorbenen Mitgliedern gedachte, wurde<br \/>\ndas letztj\u00e4hrige Protokoll einstimmig genehmigt .Ehrungen sowohl erfolgreicher Sportler als auch verdienter Mitglieder schlossen sich an.<\/p>\n<p><strong>F\u00fcr sportliche Leistungen<\/strong><\/p>\n<p><u>Ehrungen durch die Gemeinde<\/u><\/p>\n<p>Maximilian Domme, Carsten K\u00f6hler, Silja Schranz,<\/p>\n<p><u>Leistungsabzeichen DSB<\/u><\/p>\n<p>Elina Betzwieser, Melissa Caballero, Maximilian Domme, Leandro Zararis Lopez, Christina M\u00fcller, Pia R\u00fchle, Silja Schranz, Mona Sommer, Noah Sommer, Florian Zimmermann<\/p>\n<p><u>Meistersch\u00fctzenabzeichen DSB<\/u><\/p>\n<p>Matthias Janz, Manfred Jourdan, Carsten K\u00f6hler, Roland Plappert, Kurt Thurnes, Karl-Heinz Weinelt, Bernd Zimmermann<\/p>\n<p><strong>F\u00fcr Vereinszugeh\u00f6rigkeit<\/strong><\/p>\n<p><u>10 Jahre<\/u><\/p>\n<p>David Anderle, Claus Augustin, Hans-Peter Burandt, Rosi Burandt, Hendrik Chung, Norbert Schulz, Michael Weindorf<\/p>\n<p><u>20 Jahre<\/u><\/p>\n<p>Susanne Altner<\/p>\n<p><u>25 Jahre<\/u><\/p>\n<p>Wladyslaw Kokosza, Thomas Koreis<\/p>\n<p><u>50 Jahre<\/u><\/p>\n<p>J\u00f6rg Ziegelm\u00fcller<\/p>\n<p>Eine besondere Auszeichnung wurde Manfred Nessel zuteil: aus den H\u00e4nden von KSM Hans-Josef Lakatos erhielt er f\u00fcr seine 60j\u00e4hrige Mitgliedschaft in DSB und BSV jeweils eine Urkunde mit Ehrennadel.<\/p>\n<p>OSM Volker Kai\u00dfling er\u00f6ffnete dann die Reihe der Rechenschaftsberichte. Darin streifte er die Vielzahl von Arbeitseins\u00e4tzen zum Erhalt und Ausbau der \u00a0Anlagen und die Traditionsveranstaltungen ( Heringsessen, Ostereierschie\u00dfen, Ortsmeisterschaft, Grillfest mit Ehrung der Ortsmeister, Erste Hilfe-Ausbildung, Schnuppertag mit Wei\u00dfwurstessen, Nikolausschie\u00dfen ), die dem Verein neue Mitglieder zugef\u00fchrt haben. \u00a0Abschlie\u00dfend bedankte er sich bei seinen Vorstandskollegen und den Mitgliedern f\u00fcr ihren Einsatz und ihre Vereinstreue. Hauptsportleiter Bernd Zimmermann und seine Sportleiter zeichneten ein in sportlicher Hinsicht sehr erfolgreiches Jahr nach: bei den KM ( 50 Teilnehmer\/ 10 Jugendliche ) 38 Kreismeistertitel, 18 zweite und 15 dritte Pl\u00e4tze; bei den LM ( 24 Teilnehmer\/9 Jugendliche ) 3 Landesmeistertitel, drei zweite und \u00a0vier dritte Pl\u00e4tze ; bei\u00a0den DM 6 Teilnehmer\/ 1 Jugendlicher; bei den DM der Geh\u00f6rlosen (1 Teilnehmer) \u00a01 Deutscher Meister, vier zweite und zwei dritte Pl\u00e4tze. Dem Bericht des Schatzmeisters, der sich anschloss, war zu entnehmen, dass das Gesch\u00e4ftsjahr 2025 einmal mehr zufriedenstellend verlaufen war, was auch von den Kassenrevisoren best\u00e4tigt wurde. Diese bescheinigten dem Schatzmeister eine einwandfreie Buchf\u00fchrung, So stand einer Entlastung der gesamten Vorstandschaft nichts mehr im Weg: auf Antrag von KSM Hans-Josef Lakatos erfolgte diese einstimmig. Nachdem eine Aussprache zu den Berichten nicht gew\u00fcnscht wurde, standen lt. Tagesordnung satzungsgem\u00e4\u00dfe Neuwahlen an.<\/p>\n<p>f\u00fcr ein Jahr wurden gew\u00e4hlt:<\/p>\n<p>OSM Volker Kai\u00dfling, Schatzmeister Werner Velhagen, Hauptsportleiter Bernd Zimmermann, Schriftf\u00fchrer Daniel Eckerlin, Sportleiter Gewehr Bernd Zimmermann, Sportleiter Kurzwaffe Daniel Eckerlin, Sportleiter Pistole Auflage Manfred Karl, Sportleiter GK\/Schwarzpulver Michael Weindorf,\u00a0Rechnungs-pr\u00fcfer Markus Sch\u00e4fer.<\/p>\n<p>f\u00fcr zwei Jahre wurden gew\u00e4hlt:<\/p>\n<p>SM Dagmar Schwinghammer, Pressewart Manfred Nessel, Webseitenbeauftragter Daniel Eckerlin, Jugendleiter Konstantin Jakob, stv. Sportleiter Gewehr Michael Knoth, stv. Sportleiter Kurzwaffe Marcel Hantke, stv. Sportleiter Pistole Auflage Manfred Jourdan, stv. Sportleiter GK\/Schwarzpulver Frieder Rupp, Rechnungspr\u00fcfer Michaela Schmitz.<\/p>\n<p>Zum Abschluss ergriff OSM Volker Kai\u00dfling wieder das Wort: er informierte \u00fcber die bereits beschlossene Satzung dahingehend, dass man nach R\u00fccksprache mit dem Registergericht den Vereinszweck ( \u00a7 2,2 ) und das Teilnahme-\/Stimmungsrecht ( \u00a7\u00a7 12, 2 und 3 ) neu habe definieren m\u00fcssen. Erw\u00e4hnt wurden auch die Termine f\u00fcr die Traditionsveranstaltungen: Ostereierschie\u00dfen 28.\/29.03. &#8211; Ortsmeisterschaften 16.\/17.05. &#8211; Grillfest mit Ehrung der Ortsmeister 04.06. &#8211; Nikolausschie\u00dfen 05.12.<\/p>\n<p>&nbsp;<\/p>\n<p><a href=\"https:\/\/www.ssv-oftersheim.de\/wp-content\/uploads\/2026\/03\/IMG-20260222-WA00221-scaled.jpg\"><img loading=\"lazy\" decoding=\"async\" class=\"alignnone size-medium wp-image-1924\" src=\"https:\/\/www.ssv-oftersheim.de\/wp-content\/uploads\/2026\/03\/IMG-20260222-WA00221-300x153.jpg\" alt=\"\" width=\"300\" height=\"153\" srcset=\"https:\/\/wp.ssv-oftersheim.de\/wp-content\/uploads\/2026\/03\/IMG-20260222-WA00221-300x153.jpg 300w, https:\/\/wp.ssv-oftersheim.de\/wp-content\/uploads\/2026\/03\/IMG-20260222-WA00221-1024x524.jpg 1024w, https:\/\/wp.ssv-oftersheim.de\/wp-content\/uploads\/2026\/03\/IMG-20260222-WA00221-768x393.jpg 768w, https:\/\/wp.ssv-oftersheim.de\/wp-content\/uploads\/2026\/03\/IMG-20260222-WA00221-1536x786.jpg 1536w, https:\/\/wp.ssv-oftersheim.de\/wp-content\/uploads\/2026\/03\/IMG-20260222-WA00221-2048x1048.jpg 2048w\" sizes=\"auto, (max-width: 300px) 100vw, 300px\" \/><\/a><\/p>\n","protected":false},"excerpt":{"rendered":"<p>Jahreshauptversammlung des SSV Oftersheim mit Neuwahlen Ehrung erfolgreicher Sportler und verdienter Mitglieder &nbsp; Zu seiner Jahreshauptversammlung hatte der SSV Oftersheim am vergangenen Sonntag in die vereinseigene Luftdruckhalle eingeladen. 46 Mitglieder waren der Einladung gefolgt, die von OSM Volker Kai\u00dfling herzlich &hellip; <a href=\"https:\/\/wp.ssv-oftersheim.de\/?p=1923\">Weiterlesen <span class=\"meta-nav\">&rarr;<\/span><\/a><\/p>\n","protected":false},"author":4,"featured_media":0,"comment_status":"closed","ping_status":"open","sticky":false,"template":"","format":"standard","meta":{"footnotes":""},"categories":[1],"tags":[],"class_list":["post-1923","post","type-post","status-publish","format-standard","hentry","category-uncategorized"],"_links":{"self":[{"href":"https:\/\/wp.ssv-oftersheim.de\/index.php?rest_route=\/wp\/v2\/posts\/1923","targetHints":{"allow":["GET"]}}],"collection":[{"href":"https:\/\/wp.ssv-oftersheim.de\/index.php?rest_route=\/wp\/v2\/posts"}],"about":[{"href":"https:\/\/wp.ssv-oftersheim.de\/index.php?rest_route=\/wp\/v2\/types\/post"}],"author":[{"embeddable":true,"href":"https:\/\/wp.ssv-oftersheim.de\/index.php?rest_route=\/wp\/v2\/users\/4"}],"replies":[{"embeddable":true,"href":"https:\/\/wp.ssv-oftersheim.de\/index.php?rest_route=%2Fwp%2Fv2%2Fcomments&post=1923"}],"version-history":[{"count":1,"href":"https:\/\/wp.ssv-oftersheim.de\/index.php?rest_route=\/wp\/v2\/posts\/1923\/revisions"}],"predecessor-version":[{"id":1925,"href":"https:\/\/wp.ssv-oftersheim.de\/index.php?rest_route=\/wp\/v2\/posts\/1923\/revisions\/1925"}],"wp:attachment":[{"href":"https:\/\/wp.ssv-oftersheim.de\/index.php?rest_route=%2Fwp%2Fv2%2Fmedia&parent=1923"}],"wp:term":[{"taxonomy":"category","embeddable":true,"href":"https:\/\/wp.ssv-oftersheim.de\/index.php?rest_route=%2Fwp%2Fv2%2Fcategories&post=1923"},{"taxonomy":"post_tag","embeddable":true,"href":"https:\/\/wp.ssv-oftersheim.de\/index.php?rest_route=%2Fwp%2Fv2%2Ftags&post=1923"}],"curies":[{"name":"wp","href":"https:\/\/api.w.org\/{rel}","templated":true}]}}